{"id":1681,"date":"2022-07-24T12:10:29","date_gmt":"2022-07-24T11:10:29","guid":{"rendered":"https:\/\/lag-ea-nrw.de\/?p=1681"},"modified":"2022-09-15T12:29:31","modified_gmt":"2022-09-15T11:29:31","slug":"fachtagung-2022","status":"publish","type":"post","link":"https:\/\/lag-ea-nrw.de\/?p=1681","title":{"rendered":"Fachtagung und Mitgliederversammlung 2022"},"content":{"rendered":"\n<h2 class=\"wp-block-heading\">Termin und Ort<\/h2>\n\n\n\n<p>Donnerstag, 08. September 2022, 9.00 Uhr bis 15.30 Uhr<br>Emschertal-Berufskolleg Herne, Westring 205-213, 44629 Herne<\/p>\n\n\n\n<h2 class=\"wp-block-heading\">Thema<\/h2>\n\n\n\n<p><strong>Fachkr\u00e4fte f\u00fcr die Kitas \u2013 Ausbildung in Zeiten des Fachkr\u00e4ftemangels<\/strong><\/p>\n\n\n\n<p><strong>Zum Thema<\/strong><\/p>\n\n\n\n<p>Schon seit einigen Jahren sind Erzieher:innen nach Ende ihrer Ausbildung begehrte Fachkr\u00e4fte auf dem Arbeitsmarkt. Mittlerweile versch\u00e4rft sich der Bedarf an Fachkr\u00e4ften in allen Feldern der Kinder- und Jugendhilfe massiv. Dabei steigt die Zahl von Einsteiger:innen in die Erzieherausbildung kontinuierlich an, kann aber den noch schneller steigenden Bedarf an Fachkr\u00e4ften nicht decken. Hinzu kommt eine aktuelle Diskussion um den verst\u00e4rkten Einsatz von Assistenzkr\u00e4ften in Kindertagesst\u00e4tten sowie der Wunsch, auch mehr akademisierte Kr\u00e4fte im Kitabereich einzusetzen.<\/p>\n\n\n\n<p><\/p>\n<!-- WP Attachments -->\r\n        <div style=\"width:100%;margin:10px 0 10px 0;\">\r\n            <h3><div style=\"float:right;\">\r\n            <form>\r\n            <select name=\"orderby\" onchange=\"if (this.value) window.location.replace(this.value);\">\r\n              <option selected value=\"\/index.php?rest_route=%2Fwp%2Fv2%2Fposts%2F1681\">Order by<\/option>\r\n              <option value=\"\/index.php?rest_route=%2Fwp%2Fv2%2Fposts%2F1681&#038;orderby=date\">Date<\/option>\r\n              <option value=\"\/index.php?rest_route=%2Fwp%2Fv2%2Fposts%2F1681&#038;orderby=title\">Name<\/option>\r\n            <\/select>\r\n            <\/form>\r\n        <\/div>Medien<\/h3>\r\n        <ul class=\"post-attachments\"><li class=\"post-attachment mime-application-pdf\"><a target=\"_blank\" rel=\"noopener noreferrer\" href=\"https:\/\/lag-ea-nrw.de\/media\/2022\/07\/Fachkraeftebedarf_MKJFGFI_Lamontain.pdf\">Fachkraeftebedarf_MKJFGFI_Lamontain<\/a> <small>(479 kB)<\/small><\/li><li class=\"post-attachment mime-application-pdf\"><a target=\"_blank\" rel=\"noopener noreferrer\" href=\"https:\/\/lag-ea-nrw.de\/media\/2022\/07\/Kompetenzentwicklung_Ruff.pdf\">Kompetenzentwicklung_Ruff<\/a> <small>(2 MB)<\/small><\/li><li class=\"post-attachment mime-application-pdf\"><a target=\"_blank\" rel=\"noopener noreferrer\" href=\"https:\/\/lag-ea-nrw.de\/media\/2022\/07\/BFS_Wuppertal_Klingler.pdf\">BFS_Wuppertal_Klingler<\/a> <small>(225 kB)<\/small><\/li><li class=\"post-attachment mime-application-pdf\"><a target=\"_blank\" rel=\"noopener noreferrer\" href=\"https:\/\/lag-ea-nrw.de\/media\/2022\/07\/Traegersicht_AWO-RLE_Frieling.pdf\">Traegersicht_AWO-RLE_Frieling<\/a> <small>(3 MB)<\/small><\/li><li class=\"post-attachment mime-application-pdf\"><a target=\"_blank\" rel=\"noopener noreferrer\" href=\"https:\/\/lag-ea-nrw.de\/media\/2022\/07\/Portfolio_Spanu.pdf\">Portfolio_Spanu<\/a> <small>(937 kB)<\/small><\/li><li class=\"post-attachment mime-application-pdf\"><a target=\"_blank\" rel=\"noopener noreferrer\" href=\"https:\/\/lag-ea-nrw.de\/media\/2022\/07\/Fachkraeftebedarf_MSB_Pudenz1.pdf\">Fachkraeftebedarf_MSB_Pudenz1<\/a> <small>(301 kB)<\/small><\/li><li class=\"post-attachment mime-application-pdf\"><a target=\"_blank\" rel=\"noopener noreferrer\" href=\"https:\/\/lag-ea-nrw.de\/media\/2022\/07\/runderlass_anrechnung.pdf\">runderlass_anrechnung<\/a> <small>(676 kB)<\/small><\/li><li class=\"post-attachment mime-application-pdf\"><a target=\"_blank\" rel=\"noopener noreferrer\" href=\"https:\/\/lag-ea-nrw.de\/media\/2022\/07\/handreichung_pauschales_anrechnungsverfahren_11-2021.pdf\">handreichung_pauschales_anrechnungsverfahren_11-2021<\/a> <small>(543 kB)<\/small><\/li><\/ul><\/div>","protected":false},"excerpt":{"rendered":"<p>Termin und Ort Donnerstag, 08. September 2022, 9.00 Uhr bis 15.30 UhrEmschertal-Berufskolleg Herne, Westring 205-213, 44629 Herne Thema Fachkr\u00e4fte f\u00fcr die Kitas \u2013 Ausbildung in Zeiten des Fachkr\u00e4ftemangels Zum Thema Schon seit einigen Jahren sind Erzieher:innen nach Ende ihrer Ausbildung <a class=\"more-link\" href=\"https:\/\/lag-ea-nrw.de\/?p=1681\"><span class=\"screen-reader-text\">  Fachtagung und Mitgliederversammlung 2022<\/span> weiterlesen<span class=\"meta-nav\">&rarr;<\/span><\/a><\/p>\n","protected":false},"author":4,"featured_media":0,"comment_status":"closed","ping_status":"closed","sticky":false,"template":"","format":"standard","meta":{"footnotes":""},"categories":[1],"tags":[],"_links":{"self":[{"href":"https:\/\/lag-ea-nrw.de\/index.php?rest_route=\/wp\/v2\/posts\/1681"}],"collection":[{"href":"https:\/\/lag-ea-nrw.de\/index.php?rest_route=\/wp\/v2\/posts"}],"about":[{"href":"https:\/\/lag-ea-nrw.de\/index.php?rest_route=\/wp\/v2\/types\/post"}],"author":[{"embeddable":true,"href":"https:\/\/lag-ea-nrw.de\/index.php?rest_route=\/wp\/v2\/users\/4"}],"replies":[{"embeddable":true,"href":"https:\/\/lag-ea-nrw.de\/index.php?rest_route=%2Fwp%2Fv2%2Fcomments&post=1681"}],"version-history":[{"count":7,"href":"https:\/\/lag-ea-nrw.de\/index.php?rest_route=\/wp\/v2\/posts\/1681\/revisions"}],"predecessor-version":[{"id":1715,"href":"https:\/\/lag-ea-nrw.de\/index.php?rest_route=\/wp\/v2\/posts\/1681\/revisions\/1715"}],"wp:attachment":[{"href":"https:\/\/lag-ea-nrw.de\/index.php?rest_route=%2Fwp%2Fv2%2Fmedia&parent=1681"}],"wp:term":[{"taxonomy":"category","embeddable":true,"href":"https:\/\/lag-ea-nrw.de\/index.php?rest_route=%2Fwp%2Fv2%2Fcategories&post=1681"},{"taxonomy":"post_tag","embeddable":true,"href":"https:\/\/lag-ea-nrw.de\/index.php?rest_route=%2Fwp%2Fv2%2Ftags&post=1681"}],"curies":[{"name":"wp","href":"https:\/\/api.w.org\/{rel}","templated":true}]}}